{"id":3084,"date":"2013-09-03T20:05:57","date_gmt":"2013-09-03T20:05:57","guid":{"rendered":"http:\/\/test-medrazgl.aed-baza.si\/?p=3084"},"modified":"2013-09-03T20:05:57","modified_gmt":"2013-09-03T20:05:57","slug":"incidence-of-depression-in-the-postpartum-period-slovene-sample","status":"publish","type":"post","link":"https:\/\/medrazgl.si\/en\/incidence-of-depression-in-the-postpartum-period-slovene-sample\/","title":{"rendered":"Incidence of Depression in the Postpartum Period \u2013 Slovene Sample"},"content":{"rendered":"<p>Postpartum depression largely develops during the first six months following delivery. Its world-wide prevalence is between 3 and 33%, depending on the diagnostic methods and criteria. An attempt was made to standardize the Edinburgh questionnaire in Slovenia and use it to acquire normative data on the Slovene incidence of postpartum depression. With regard to similar studies carried out in Israel and in Slovenia using the BDI questionnaire, the incidence of postpartum depres\u00adsion in Slovenia was expected to reach approximately 20%. This prospective research included new mothers whose babies were delivered at the Ljubljana Maternity Hospital during randomly selected weeks. The EPDS questionnaire was translated. Six weeks after delivery, each of the new mothers received the EPDS questionnaire with an addressed return envelope. The data were processed using statistical software. A total of 449 new mothers were included as respondents; 28 new mothers declined participation or were excluded for not meeting the requirements, and 336 responses were evaluated. Using the EPDS, 21.3% of the new mothers had a score of 10 or higher. In accordance with the established screening criteria, the majority of postpartum depres\u00adsion cases were thought to be included. 10.1% of the new mothers had a score of 13 or higher; this group was thought to include the majority of more severe cases of postpartum depression. The findings confirmed our hypothesis. The incidence of postpartum depression in Slovenia is 21.3%.<\/p>\n","protected":false},"excerpt":{"rendered":"<p>Postpartum depression largely develops during the first six months following delivery. Its world-wide prevalence is between 3 and 33%, depending on the diagnostic methods and criteria. An attempt was made to standardize the Edinburgh questionnaire in Slovenia and use it to acquire normative data on the Slovene incidence of postpartum depression. With regard to similar [&hellip;]<\/p>\n","protected":false},"author":22,"featured_media":0,"comment_status":"open","ping_status":"open","sticky":false,"template":"","format":"standard","meta":{"_acf_changed":false,"footnotes":"","_links_to":"","_links_to_target":""},"categories":[365,407,442],"tags":[],"class_list":["post-3084","post","type-post","status-publish","format-standard","hentry","category-2-2005-archive","category-clinical-research-paper","category-psychiatry"],"acf":[],"yoast_head":"<!-- This site is optimized with the Yoast SEO plugin v27.4 - https:\/\/yoast.com\/product\/yoast-seo-wordpress\/ -->\n<title>Incidence of Depression in the Postpartum Period \u2013 Slovene Sample - Dru\u0161tvo Medicinski razgledi<\/title>\n<meta name=\"robots\" content=\"index, follow, max-snippet:-1, max-image-preview:large, max-video-preview:-1\" \/>\n<link rel=\"canonical\" href=\"https:\/\/medrazgl.si\/pojavnost-depresij-v-poporodnem-obdobju-v-slovenskem-vzorcu\/\" \/>\n<meta property=\"og:locale\" content=\"en_US\" \/>\n<meta property=\"og:type\" content=\"article\" \/>\n<meta property=\"og:title\" content=\"Incidence of Depression in the Postpartum Period \u2013 Slovene Sample - Dru\u0161tvo Medicinski razgledi\" \/>\n<meta property=\"og:description\" content=\"Postpartum depression largely develops during the first six months following delivery. Its world-wide prevalence is between 3 and 33%, depending on the diagnostic methods and criteria. An attempt was made to standardize the Edinburgh questionnaire in Slovenia and use it to acquire normative data on the Slovene incidence of postpartum depression. With regard to similar [&hellip;]\" \/>\n<meta property=\"og:url\" content=\"https:\/\/medrazgl.si\/pojavnost-depresij-v-poporodnem-obdobju-v-slovenskem-vzorcu\/\" \/>\n<meta property=\"og:site_name\" content=\"Dru\u0161tvo Medicinski razgledi\" \/>\n<meta property=\"article:published_time\" content=\"2013-09-03T20:05:57+00:00\" \/>\n<meta name=\"author\" content=\"Anja Kova\u010d\" \/>\n<meta name=\"twitter:card\" content=\"summary_large_image\" \/>\n<meta name=\"twitter:label1\" content=\"Written by\" \/>\n\t<meta name=\"twitter:data1\" content=\"Anja Kova\u010d\" \/>\n\t<meta name=\"twitter:label2\" content=\"Est. reading time\" \/>\n\t<meta name=\"twitter:data2\" content=\"1 minute\" \/>\n<script type=\"application\/ld+json\" class=\"yoast-schema-graph\">{\"@context\":\"https:\\\/\\\/schema.org\",\"@graph\":[{\"@type\":\"Article\",\"@id\":\"https:\\\/\\\/medrazgl.si\\\/pojavnost-depresij-v-poporodnem-obdobju-v-slovenskem-vzorcu\\\/#article\",\"isPartOf\":{\"@id\":\"https:\\\/\\\/medrazgl.si\\\/pojavnost-depresij-v-poporodnem-obdobju-v-slovenskem-vzorcu\\\/\"},\"author\":{\"name\":\"Anja Kova\u010d\",\"@id\":\"https:\\\/\\\/medrazgl.si\\\/#\\\/schema\\\/person\\\/d038976775a5fd248b384c22234676a4\"},\"headline\":\"Incidence of Depression in the Postpartum Period \u2013 Slovene Sample\",\"datePublished\":\"2013-09-03T20:05:57+00:00\",\"mainEntityOfPage\":{\"@id\":\"https:\\\/\\\/medrazgl.si\\\/pojavnost-depresij-v-poporodnem-obdobju-v-slovenskem-vzorcu\\\/\"},\"wordCount\":231,\"commentCount\":0,\"articleSection\":[\"2\",\"Clinical research paper\",\"Psychiatry\"],\"inLanguage\":\"en-US\",\"potentialAction\":[{\"@type\":\"CommentAction\",\"name\":\"Comment\",\"target\":[\"https:\\\/\\\/medrazgl.si\\\/pojavnost-depresij-v-poporodnem-obdobju-v-slovenskem-vzorcu\\\/#respond\"]}]},{\"@type\":\"WebPage\",\"@id\":\"https:\\\/\\\/medrazgl.si\\\/pojavnost-depresij-v-poporodnem-obdobju-v-slovenskem-vzorcu\\\/\",\"url\":\"https:\\\/\\\/medrazgl.si\\\/pojavnost-depresij-v-poporodnem-obdobju-v-slovenskem-vzorcu\\\/\",\"name\":\"Incidence of Depression in the Postpartum Period \u2013 Slovene Sample - Dru\u0161tvo Medicinski razgledi\",\"isPartOf\":{\"@id\":\"https:\\\/\\\/medrazgl.si\\\/#website\"},\"datePublished\":\"2013-09-03T20:05:57+00:00\",\"author\":{\"@id\":\"https:\\\/\\\/medrazgl.si\\\/#\\\/schema\\\/person\\\/d038976775a5fd248b384c22234676a4\"},\"breadcrumb\":{\"@id\":\"https:\\\/\\\/medrazgl.si\\\/pojavnost-depresij-v-poporodnem-obdobju-v-slovenskem-vzorcu\\\/#breadcrumb\"},\"inLanguage\":\"en-US\",\"potentialAction\":[{\"@type\":\"ReadAction\",\"target\":[\"https:\\\/\\\/medrazgl.si\\\/pojavnost-depresij-v-poporodnem-obdobju-v-slovenskem-vzorcu\\\/\"]}]},{\"@type\":\"BreadcrumbList\",\"@id\":\"https:\\\/\\\/medrazgl.si\\\/pojavnost-depresij-v-poporodnem-obdobju-v-slovenskem-vzorcu\\\/#breadcrumb\",\"itemListElement\":[{\"@type\":\"ListItem\",\"position\":1,\"name\":\"Home\",\"item\":\"https:\\\/\\\/medrazgl.si\\\/en\\\/\"},{\"@type\":\"ListItem\",\"position\":2,\"name\":\"Incidence of Depression in the Postpartum Period \u2013 Slovene Sample\"}]},{\"@type\":\"WebSite\",\"@id\":\"https:\\\/\\\/medrazgl.si\\\/#website\",\"url\":\"https:\\\/\\\/medrazgl.si\\\/\",\"name\":\"Dru\u0161tvo Medicinski razgledi\",\"description\":\"Dru\u0161tvo Medicinski razgledi\",\"potentialAction\":[{\"@type\":\"SearchAction\",\"target\":{\"@type\":\"EntryPoint\",\"urlTemplate\":\"https:\\\/\\\/medrazgl.si\\\/?s={search_term_string}\"},\"query-input\":{\"@type\":\"PropertyValueSpecification\",\"valueRequired\":true,\"valueName\":\"search_term_string\"}}],\"inLanguage\":\"en-US\"},{\"@type\":\"Person\",\"@id\":\"https:\\\/\\\/medrazgl.si\\\/#\\\/schema\\\/person\\\/d038976775a5fd248b384c22234676a4\",\"name\":\"Anja Kova\u010d\",\"image\":{\"@type\":\"ImageObject\",\"inLanguage\":\"en-US\",\"@id\":\"https:\\\/\\\/secure.gravatar.com\\\/avatar\\\/c32c83ec58802601921a9b60ec78dcb8c6540a7a25a553ac1ce3b6aceed4863a?s=96&d=mm&r=g\",\"url\":\"https:\\\/\\\/secure.gravatar.com\\\/avatar\\\/c32c83ec58802601921a9b60ec78dcb8c6540a7a25a553ac1ce3b6aceed4863a?s=96&d=mm&r=g\",\"contentUrl\":\"https:\\\/\\\/secure.gravatar.com\\\/avatar\\\/c32c83ec58802601921a9b60ec78dcb8c6540a7a25a553ac1ce3b6aceed4863a?s=96&d=mm&r=g\",\"caption\":\"Anja Kova\u010d\"},\"url\":\"https:\\\/\\\/medrazgl.si\\\/en\\\/author\\\/anja-kovac\\\/\"}]}<\/script>\n<!-- \/ Yoast SEO plugin. -->","yoast_head_json":{"title":"Incidence of Depression in the Postpartum Period \u2013 Slovene Sample - Dru\u0161tvo Medicinski razgledi","robots":{"index":"index","follow":"follow","max-snippet":"max-snippet:-1","max-image-preview":"max-image-preview:large","max-video-preview":"max-video-preview:-1"},"canonical":"https:\/\/medrazgl.si\/pojavnost-depresij-v-poporodnem-obdobju-v-slovenskem-vzorcu\/","og_locale":"en_US","og_type":"article","og_title":"Incidence of Depression in the Postpartum Period \u2013 Slovene Sample - Dru\u0161tvo Medicinski razgledi","og_description":"Postpartum depression largely develops during the first six months following delivery. Its world-wide prevalence is between 3 and 33%, depending on the diagnostic methods and criteria. An attempt was made to standardize the Edinburgh questionnaire in Slovenia and use it to acquire normative data on the Slovene incidence of postpartum depression. With regard to similar [&hellip;]","og_url":"https:\/\/medrazgl.si\/pojavnost-depresij-v-poporodnem-obdobju-v-slovenskem-vzorcu\/","og_site_name":"Dru\u0161tvo Medicinski razgledi","article_published_time":"2013-09-03T20:05:57+00:00","author":"Anja Kova\u010d","twitter_card":"summary_large_image","twitter_misc":{"Written by":"Anja Kova\u010d","Est. reading time":"1 minute"},"schema":{"@context":"https:\/\/schema.org","@graph":[{"@type":"Article","@id":"https:\/\/medrazgl.si\/pojavnost-depresij-v-poporodnem-obdobju-v-slovenskem-vzorcu\/#article","isPartOf":{"@id":"https:\/\/medrazgl.si\/pojavnost-depresij-v-poporodnem-obdobju-v-slovenskem-vzorcu\/"},"author":{"name":"Anja Kova\u010d","@id":"https:\/\/medrazgl.si\/#\/schema\/person\/d038976775a5fd248b384c22234676a4"},"headline":"Incidence of Depression in the Postpartum Period \u2013 Slovene Sample","datePublished":"2013-09-03T20:05:57+00:00","mainEntityOfPage":{"@id":"https:\/\/medrazgl.si\/pojavnost-depresij-v-poporodnem-obdobju-v-slovenskem-vzorcu\/"},"wordCount":231,"commentCount":0,"articleSection":["2","Clinical research paper","Psychiatry"],"inLanguage":"en-US","potentialAction":[{"@type":"CommentAction","name":"Comment","target":["https:\/\/medrazgl.si\/pojavnost-depresij-v-poporodnem-obdobju-v-slovenskem-vzorcu\/#respond"]}]},{"@type":"WebPage","@id":"https:\/\/medrazgl.si\/pojavnost-depresij-v-poporodnem-obdobju-v-slovenskem-vzorcu\/","url":"https:\/\/medrazgl.si\/pojavnost-depresij-v-poporodnem-obdobju-v-slovenskem-vzorcu\/","name":"Incidence of Depression in the Postpartum Period \u2013 Slovene Sample - Dru\u0161tvo Medicinski razgledi","isPartOf":{"@id":"https:\/\/medrazgl.si\/#website"},"datePublished":"2013-09-03T20:05:57+00:00","author":{"@id":"https:\/\/medrazgl.si\/#\/schema\/person\/d038976775a5fd248b384c22234676a4"},"breadcrumb":{"@id":"https:\/\/medrazgl.si\/pojavnost-depresij-v-poporodnem-obdobju-v-slovenskem-vzorcu\/#breadcrumb"},"inLanguage":"en-US","potentialAction":[{"@type":"ReadAction","target":["https:\/\/medrazgl.si\/pojavnost-depresij-v-poporodnem-obdobju-v-slovenskem-vzorcu\/"]}]},{"@type":"BreadcrumbList","@id":"https:\/\/medrazgl.si\/pojavnost-depresij-v-poporodnem-obdobju-v-slovenskem-vzorcu\/#breadcrumb","itemListElement":[{"@type":"ListItem","position":1,"name":"Home","item":"https:\/\/medrazgl.si\/en\/"},{"@type":"ListItem","position":2,"name":"Incidence of Depression in the Postpartum Period \u2013 Slovene Sample"}]},{"@type":"WebSite","@id":"https:\/\/medrazgl.si\/#website","url":"https:\/\/medrazgl.si\/","name":"Dru\u0161tvo Medicinski razgledi","description":"Dru\u0161tvo Medicinski razgledi","potentialAction":[{"@type":"SearchAction","target":{"@type":"EntryPoint","urlTemplate":"https:\/\/medrazgl.si\/?s={search_term_string}"},"query-input":{"@type":"PropertyValueSpecification","valueRequired":true,"valueName":"search_term_string"}}],"inLanguage":"en-US"},{"@type":"Person","@id":"https:\/\/medrazgl.si\/#\/schema\/person\/d038976775a5fd248b384c22234676a4","name":"Anja Kova\u010d","image":{"@type":"ImageObject","inLanguage":"en-US","@id":"https:\/\/secure.gravatar.com\/avatar\/c32c83ec58802601921a9b60ec78dcb8c6540a7a25a553ac1ce3b6aceed4863a?s=96&d=mm&r=g","url":"https:\/\/secure.gravatar.com\/avatar\/c32c83ec58802601921a9b60ec78dcb8c6540a7a25a553ac1ce3b6aceed4863a?s=96&d=mm&r=g","contentUrl":"https:\/\/secure.gravatar.com\/avatar\/c32c83ec58802601921a9b60ec78dcb8c6540a7a25a553ac1ce3b6aceed4863a?s=96&d=mm&r=g","caption":"Anja Kova\u010d"},"url":"https:\/\/medrazgl.si\/en\/author\/anja-kovac\/"}]}},"_links":{"self":[{"href":"https:\/\/medrazgl.si\/en\/wp-json\/wp\/v2\/posts\/3084","targetHints":{"allow":["GET"]}}],"collection":[{"href":"https:\/\/medrazgl.si\/en\/wp-json\/wp\/v2\/posts"}],"about":[{"href":"https:\/\/medrazgl.si\/en\/wp-json\/wp\/v2\/types\/post"}],"author":[{"embeddable":true,"href":"https:\/\/medrazgl.si\/en\/wp-json\/wp\/v2\/users\/22"}],"replies":[{"embeddable":true,"href":"https:\/\/medrazgl.si\/en\/wp-json\/wp\/v2\/comments?post=3084"}],"version-history":[{"count":0,"href":"https:\/\/medrazgl.si\/en\/wp-json\/wp\/v2\/posts\/3084\/revisions"}],"wp:attachment":[{"href":"https:\/\/medrazgl.si\/en\/wp-json\/wp\/v2\/media?parent=3084"}],"wp:term":[{"taxonomy":"category","embeddable":true,"href":"https:\/\/medrazgl.si\/en\/wp-json\/wp\/v2\/categories?post=3084"},{"taxonomy":"post_tag","embeddable":true,"href":"https:\/\/medrazgl.si\/en\/wp-json\/wp\/v2\/tags?post=3084"}],"curies":[{"name":"wp","href":"https:\/\/api.w.org\/{rel}","templated":true}]}}